{"id":6459,"date":"2020-06-19T15:48:26","date_gmt":"2020-06-19T13:48:26","guid":{"rendered":"http:\/\/www.pfungstadt-leichtathletik.de\/wp\/?p=6459"},"modified":"2020-06-19T16:01:21","modified_gmt":"2020-06-19T14:01:21","slug":"ausblick-wettkampfveranstaltungen-2020","status":"publish","type":"post","link":"https:\/\/www.pfungstadt-leichtathletik.de\/wp\/2020\/06\/19\/ausblick-wettkampfveranstaltungen-2020\/","title":{"rendered":"Ausblick Wettkampfveranstaltungen 2020"},"content":{"rendered":"<div id=\"attachment_1531\" style=\"width: 720px\" class=\"wp-caption aligncenter\"><img loading=\"lazy\" decoding=\"async\" aria-describedby=\"caption-attachment-1531\" class=\"size-full wp-image-1531\" title=\"Foto: Matthias Rei\u00df\" src=\"http:\/\/www.pfungstadt-leichtathletik.de\/pics_wp\/2018\/Laufgala\/images\/IMG_4234.jpg\" alt=\"\" width=\"720\" height=\"480\" \/><p id=\"caption-attachment-1531\" class=\"wp-caption-text\">Pfungst\u00e4dter Laufgala 2018.<\/p><\/div>\n<p><strong> Absage Abendsportfest am 1. Juli<br \/>\nAbsage Abendsportfest am 5. August<br \/>\nGeplanter Start am 1. August mit unserer Laufgala<\/strong><\/p>\n<p>Liebe Leichtathletinnen, liebe Leichtathleten,<\/p>\n<p>so leid es uns tut m\u00fcssen wir am 1. Juli und am 5. August unsere regul\u00e4r geplanten und ausgeschriebenen Abendsportfeste noch einmal absagen. Trotz Lockerungen der hessischen Corona-Kontakt- und Betriebsbeschr\u00e4nkungen vom 15.Juni gibt es immer noch zu viele Vorschriften hinsichtlich Hygiene, die wir nicht in der Lage sind, so schnell in ein schl\u00fcssiges Konzept bis zum 1.Juli umzusetzen.<\/p>\n<p>Schaffen wollen wir dies <strong>bis zum 1. August<\/strong> und mit unserer Laufgala mit den Disziplinen 400m, 800 m und 1500 m (Frauen\/M\u00e4nner\/Jugend) starten. Diskussionen zur Aufhebung\/Lockerung der aktuell noch geltenden Beschr\u00e4nkungen bei Mittelstreckenl\u00e4ufen sind im Gange. Siehe hierzu die aktuellen Empfehlungen des <a title=\"Veranstaltungen\" href=\"https:\/\/www.hlv.de\/fileadmin\/HLV\/Dokumente_und_Formulare\/03_Wettkampfsport\/HLV_Wettkampfkonzept.pdf\">Hessischen Leichtathletik Verbandes.<\/a>. Die Teilnehmerzahl von Veranstaltungen ist in Hessen begrenzt, so dass dieses Sportfest auf jeden Fall ein Einladungs-Sportfest sein wird. <\/p>\n<p><strong>Voranmeldungen \u00fcber ladv oder andere Portale wird es daher nicht geben. Ihr k\u00f6nnt Euer Interesse an einem Start per E-Mail an folgende Adressen richten:<\/strong><\/p>\n<ul>\na) beim Bundestrainer Georg Schmidt unter georg.schmidt.85@gmx.de oder<br \/>\nb) beim Veranstalter unter gerald.hoffmann68@gmail.com\n<\/ul>\n<p><\/p>\n<p>Die Interessensbekundung ist jedoch keine Startgarantie. Die TeilnehmerInnen werden rechtzeitig informiert. N\u00e4here Details zur Veranstaltung findet ihr in K\u00fcrze auf unserer Internetseite unter <a title=\"Veranstaltungen\" href=\"http:\/\/www.pfungstadt-leichtathletik.de\/wp\/veranstaltungen\/\">Veranstaltungen.<\/a> <\/p>\n<p>Unsere vorl\u00e4ufige Planung sieht in diesem Jahr dann noch zwei weitere Abendsportfeste vor und zwar am<\/p>\n<ul>\n<li><a title=\"1. Abendsportfest\" href=\"http:\/\/www.pfungstadt-leichtathletik.de\/wp\/veranstaltungen\/abendsportfeste\/4-abendsportfest\/\">Mittwoch 2. September<\/a><\/li>\n<li><a title=\"2. Abendsportfest\" href=\"http:\/\/www.pfungstadt-leichtathletik.de\/wp\/veranstaltungen\/abendsportfeste\/5-abendsportfest\/\">Mittwoch 30. September<\/a><\/li>\n<\/ul>\n<p><b>Bitte beachtet, dass unsere Planungen sich jederzeit in Anbetracht der aktuellen Entwicklungen und der damit verbundenen gesetzlichen Regelungen und Empfehlungen der Verb\u00e4nde wieder \u00e4ndern k\u00f6nnen. Wir behalten uns vor Veranstaltungen in Art\/Umfang\/Disziplinen etc. anzupassen und schlimmsten Falls auch wieder abzusagen. In jedem Falle informieren wir rechtzeitig \u00fcber unsere Homepage und Social Media Kan\u00e4le.<\/p>\n<p>Lasst uns das Beste hoffen und gemeinsam daraufhin arbeiten, dass wir in der restlichen Saison noch einige sch\u00f6ne Veranstaltungen erleben k\u00f6nnen.<\/b><\/p>\n","protected":false},"excerpt":{"rendered":"<p>Absage Abendsportfest am 1. Juli Absage Abendsportfest am 5. August Geplanter Start am 1. August mit unserer Laufgala Liebe Leichtathletinnen, liebe Leichtathleten, so leid es uns tut m\u00fcssen wir am 1. Juli und am 5. August unsere regul\u00e4r geplanten und ausgeschriebenen Abendsportfeste noch einmal absagen. Trotz Lockerungen der hessischen Corona-Kontakt- und Betriebsbeschr\u00e4nkungen vom 15.Juni gibt &hellip; <\/p>\n<p><a class=\"more-link btn\" href=\"https:\/\/www.pfungstadt-leichtathletik.de\/wp\/2020\/06\/19\/ausblick-wettkampfveranstaltungen-2020\/\">Weiterlesen<\/a><\/p>\n","protected":false},"author":3,"featured_media":0,"comment_status":"closed","ping_status":"closed","sticky":false,"template":"","format":"standard","meta":{"footnotes":""},"categories":[1],"tags":[],"class_list":["post-6459","post","type-post","status-publish","format-standard","hentry","category-allgemein","item-wrap"],"_links":{"self":[{"href":"https:\/\/www.pfungstadt-leichtathletik.de\/wp\/wp-json\/wp\/v2\/posts\/6459","targetHints":{"allow":["GET"]}}],"collection":[{"href":"https:\/\/www.pfungstadt-leichtathletik.de\/wp\/wp-json\/wp\/v2\/posts"}],"about":[{"href":"https:\/\/www.pfungstadt-leichtathletik.de\/wp\/wp-json\/wp\/v2\/types\/post"}],"author":[{"embeddable":true,"href":"https:\/\/www.pfungstadt-leichtathletik.de\/wp\/wp-json\/wp\/v2\/users\/3"}],"replies":[{"embeddable":true,"href":"https:\/\/www.pfungstadt-leichtathletik.de\/wp\/wp-json\/wp\/v2\/comments?post=6459"}],"version-history":[{"count":18,"href":"https:\/\/www.pfungstadt-leichtathletik.de\/wp\/wp-json\/wp\/v2\/posts\/6459\/revisions"}],"predecessor-version":[{"id":6485,"href":"https:\/\/www.pfungstadt-leichtathletik.de\/wp\/wp-json\/wp\/v2\/posts\/6459\/revisions\/6485"}],"wp:attachment":[{"href":"https:\/\/www.pfungstadt-leichtathletik.de\/wp\/wp-json\/wp\/v2\/media?parent=6459"}],"wp:term":[{"taxonomy":"category","embeddable":true,"href":"https:\/\/www.pfungstadt-leichtathletik.de\/wp\/wp-json\/wp\/v2\/categories?post=6459"},{"taxonomy":"post_tag","embeddable":true,"href":"https:\/\/www.pfungstadt-leichtathletik.de\/wp\/wp-json\/wp\/v2\/tags?post=6459"}],"curies":[{"name":"wp","href":"https:\/\/api.w.org\/{rel}","templated":true}]}}