{"id":1151,"date":"2012-03-25T19:01:37","date_gmt":"2012-03-25T17:01:37","guid":{"rendered":"http:\/\/www.pfungstadt-leichtathletik.de\/wp\/?p=1151"},"modified":"2012-03-25T19:01:37","modified_gmt":"2012-03-25T17:01:37","slug":"jungste-tsver-mit-begeisterung-auf-wettkampf","status":"publish","type":"post","link":"https:\/\/www.pfungstadt-leichtathletik.de\/wp\/2012\/03\/25\/jungste-tsver-mit-begeisterung-auf-wettkampf\/","title":{"rendered":"J\u00fcngste TSVer mit Begeisterung auf Wettkampf"},"content":{"rendered":"<p>Die Kinder U 10 (D-Sch\u00fcler\/innen) des TSV Pfungstadt nahmen am Hallensportfest der TG Trais teil. Mit dabei waren (von links): Evely Jones, Srah Danso, Leandra Blazenac, Isabella Blazenac, Jannik Leidner und Christian Sch\u00f6ps. Das neue DLV-Wettkampfprogramm &#8211; das deutlich kindergerechter ist &#8211; begeisterte die Sch\u00fcler und Sch\u00fclerinnen gleicherma\u00dfen wie den Trainer Wieland Mehlhorn.<\/p>\n<p style=\"text-align: center;\"><img loading=\"lazy\" decoding=\"async\" class=\"aligncenter size-full wp-image-1152\" title=\"Bild: Wieland Mehlhorn\" src=\"http:\/\/www.pfungstadt-leichtathletik.de\/wp\/wp-content\/uploads\/2012\/03\/traisa-18.03.2011-u10-mannschaftsfoto.jpg\" alt=\"\" width=\"617\" height=\"464\" srcset=\"https:\/\/www.pfungstadt-leichtathletik.de\/wp\/wp-content\/uploads\/2012\/03\/traisa-18.03.2011-u10-mannschaftsfoto.jpg 617w, https:\/\/www.pfungstadt-leichtathletik.de\/wp\/wp-content\/uploads\/2012\/03\/traisa-18.03.2011-u10-mannschaftsfoto-300x225.jpg 300w\" sizes=\"auto, (max-width: 617px) 100vw, 617px\" \/><\/p>\n","protected":false},"excerpt":{"rendered":"<p>Die Kinder U 10 (D-Sch\u00fcler\/innen) des TSV Pfungstadt nahmen am Hallensportfest der TG Trais teil. Mit dabei waren (von links): Evely Jones, Srah Danso, Leandra Blazenac, Isabella Blazenac, Jannik Leidner und Christian Sch\u00f6ps. Das neue DLV-Wettkampfprogramm &#8211; das deutlich kindergerechter ist &#8211; begeisterte die Sch\u00fcler und Sch\u00fclerinnen gleicherma\u00dfen wie den Trainer Wieland Mehlhorn.<\/p>\n","protected":false},"author":1,"featured_media":0,"comment_status":"open","ping_status":"open","sticky":false,"template":"","format":"standard","meta":{"footnotes":""},"categories":[1],"tags":[],"class_list":["post-1151","post","type-post","status-publish","format-standard","hentry","category-allgemein","item-wrap"],"_links":{"self":[{"href":"https:\/\/www.pfungstadt-leichtathletik.de\/wp\/wp-json\/wp\/v2\/posts\/1151","targetHints":{"allow":["GET"]}}],"collection":[{"href":"https:\/\/www.pfungstadt-leichtathletik.de\/wp\/wp-json\/wp\/v2\/posts"}],"about":[{"href":"https:\/\/www.pfungstadt-leichtathletik.de\/wp\/wp-json\/wp\/v2\/types\/post"}],"author":[{"embeddable":true,"href":"https:\/\/www.pfungstadt-leichtathletik.de\/wp\/wp-json\/wp\/v2\/users\/1"}],"replies":[{"embeddable":true,"href":"https:\/\/www.pfungstadt-leichtathletik.de\/wp\/wp-json\/wp\/v2\/comments?post=1151"}],"version-history":[{"count":5,"href":"https:\/\/www.pfungstadt-leichtathletik.de\/wp\/wp-json\/wp\/v2\/posts\/1151\/revisions"}],"predecessor-version":[{"id":1157,"href":"https:\/\/www.pfungstadt-leichtathletik.de\/wp\/wp-json\/wp\/v2\/posts\/1151\/revisions\/1157"}],"wp:attachment":[{"href":"https:\/\/www.pfungstadt-leichtathletik.de\/wp\/wp-json\/wp\/v2\/media?parent=1151"}],"wp:term":[{"taxonomy":"category","embeddable":true,"href":"https:\/\/www.pfungstadt-leichtathletik.de\/wp\/wp-json\/wp\/v2\/categories?post=1151"},{"taxonomy":"post_tag","embeddable":true,"href":"https:\/\/www.pfungstadt-leichtathletik.de\/wp\/wp-json\/wp\/v2\/tags?post=1151"}],"curies":[{"name":"wp","href":"https:\/\/api.w.org\/{rel}","templated":true}]}}